{"id":1128,"date":"2026-04-16T20:45:04","date_gmt":"2026-04-16T18:45:04","guid":{"rendered":"https:\/\/wroclawfabryczna.pttk.pl\/?p=1128"},"modified":"2026-04-16T20:45:29","modified_gmt":"2026-04-16T18:45:29","slug":"z-a-p-r-o-s-z-e-n-i-e","status":"publish","type":"post","link":"https:\/\/wroclawfabryczna.pttk.pl\/?p=1128","title":{"rendered":"ZAPROSZENIE"},"content":{"rendered":"<p style=\"text-align: center;\"><strong>Zarz\u0105d\u00a0 Oddzia\u0142u\u00a0 Wroc\u0142aw\u00a0 Fabryczna\u00a0 Zaprasza !!!!!<br \/>\n<\/strong><strong>w dniu 23 maja 2026 r. o godz. 12.00 do<\/strong> <strong>SKA\u0141KI na<\/strong>:<\/p>\n<p style=\"text-align: center;\"><strong>XXIX Zlot Cz\u0142onk\u00f3w Oddzia\u0142u PTTK Wroc\u0142aw Fabryczna<\/strong><\/p>\n<p style=\"text-align: center;\"><strong>PROGRAM\u00a0\u00a0 ZLOTU<\/strong><\/p>\n<ol>\n<li>Powitanie uczestnik\u00f3w zlotu.<\/li>\n<li>Wyr\u00f3\u017cnienie zas\u0142u\u017conych turyst\u00f3w.<\/li>\n<li>Konkursy i zawody zr\u0119czno\u015bciowe.<\/li>\n<\/ol>\n<ul>\n<li>konkurs zr\u0119czno\u015bciowy slalom z pi\u0142k\u0105 w kategorii PA\u0143 i PAN\u00d3W<\/li>\n<li>zawody w rzucie beretem w kategorii PA\u0143 i PAN\u00d3W<\/li>\n<\/ul>\n<ol start=\"4\">\n<li>Szukanie artefakt\u00f3w<\/li>\n<li>Spotkania i rozmowy turystyczne przy sto\u0142ach biesiadnych.<\/li>\n<li>Dyskoteka.<\/li>\n<\/ol>\n<p style=\"text-align: justify;\">Uczestnicy Zlotu otrzymuj\u0105: \u201eCertyfikat uczestnictwa\u201d, pami\u0105tkowy znaczek zlotowy, pami\u0105tkowy souvenir oraz przywilej uczestnictwa w organizowanych zabawach, konkursach i zawodach zr\u0119czno\u015bciowych. Przewidziane s\u0105 atrakcyjne nagrody. Organizatorzy zapraszaj\u0105 wszystkich do uczestnictwa w Zlocie i wniesieniu wpisowego w kwocie \u2013 <strong>10<\/strong> z\u0142.<\/p>\n<p><strong>na miejscu KAWIARNIA\u00a0 oraz\u00a0 GRILL\u00a0 i\u00a0 OGNISKO<\/strong><\/p>\n<p><strong>Wszyscy uczestnicy XXVIII Zlotu Oddzia\u0142u Wroc\u0142aw Fabryczna spotykaj\u0105 si\u0119 o godz. 11.30 <\/strong><strong>w SKA\u0141CE w Zaje\u017adzie \u201eBANDEROZA\u201d o\u015brodku pa\u0144stwa Proskin.<\/strong><\/p>\n<p><strong>Przed wyjazdem prosimy o sprawdzenie rozk\u0142ad\u00f3w jazdy MPK i PKP.<\/strong><\/p>\n<p style=\"text-align: justify;\">Cz\u0142onkowie PTTK uczestnicz\u0105cy w zlocie, posiadaj\u0105cy op\u0142acon\u0105 sk\u0142adk\u0119 cz\u0142onkowsk\u0105 za rok 2026, obj\u0119ci s\u0105 ubezpieczeniem od nast\u0119pstw nieszcz\u0119\u015bliwych wypadk\u00f3w NNW. Pozostali uczestnicy Zlotu proszeni s\u0105 o ubezpieczenie si\u0119 we w\u0142asnym zakresie. Organizatorzy zastrzegaj\u0105 sobie prawo zmiany programu Zlotu w przypadku zdarze\u0144 niezale\u017cnych od organizator\u00f3w.<\/p>\n<p><strong>Zako\u0144czenie\u00a0 Zlotu\u00a0 &#8211;\u00a0 o godz.\u00a0 18.00<\/strong><\/p>\n<p><strong>Komitet Organizacyjny Zlotu<\/strong><\/p>\n","protected":false},"excerpt":{"rendered":"<p>Zarz\u0105d\u00a0 Oddzia\u0142u\u00a0 Wroc\u0142aw\u00a0 Fabryczna\u00a0 Zaprasza !!!!! w dniu 23 maja 2026 r. o godz. 12.00 do SKA\u0141KI na: XXIX Zlot Cz\u0142onk\u00f3w Oddzia\u0142u PTTK Wroc\u0142aw Fabryczna PROGRAM\u00a0\u00a0 ZLOTU Powitanie uczestnik\u00f3w zlotu. Wyr\u00f3\u017cnienie zas\u0142u\u017conych turyst\u00f3w. Konkursy i zawody zr\u0119czno\u015bciowe. konkurs zr\u0119czno\u015bciowy slalom z pi\u0142k\u0105 w kategorii PA\u0143 i PAN\u00d3W zawody w rzucie beretem w kategorii PA\u0143 i &hellip; <a href=\"https:\/\/wroclawfabryczna.pttk.pl\/?p=1128\" class=\"more-link\">Czytaj dalej <span class=\"screen-reader-text\">ZAPROSZENIE<\/span> <span class=\"meta-nav\">&rarr;<\/span><\/a><\/p>\n","protected":false},"author":1,"featured_media":0,"comment_status":"closed","ping_status":"closed","sticky":false,"template":"","format":"standard","meta":{"footnotes":""},"categories":[1],"tags":[],"class_list":["post-1128","post","type-post","status-publish","format-standard","hentry","category-bez-kategorii"],"_links":{"self":[{"href":"https:\/\/wroclawfabryczna.pttk.pl\/index.php?rest_route=\/wp\/v2\/posts\/1128","targetHints":{"allow":["GET"]}}],"collection":[{"href":"https:\/\/wroclawfabryczna.pttk.pl\/index.php?rest_route=\/wp\/v2\/posts"}],"about":[{"href":"https:\/\/wroclawfabryczna.pttk.pl\/index.php?rest_route=\/wp\/v2\/types\/post"}],"author":[{"embeddable":true,"href":"https:\/\/wroclawfabryczna.pttk.pl\/index.php?rest_route=\/wp\/v2\/users\/1"}],"replies":[{"embeddable":true,"href":"https:\/\/wroclawfabryczna.pttk.pl\/index.php?rest_route=%2Fwp%2Fv2%2Fcomments&post=1128"}],"version-history":[{"count":4,"href":"https:\/\/wroclawfabryczna.pttk.pl\/index.php?rest_route=\/wp\/v2\/posts\/1128\/revisions"}],"predecessor-version":[{"id":1132,"href":"https:\/\/wroclawfabryczna.pttk.pl\/index.php?rest_route=\/wp\/v2\/posts\/1128\/revisions\/1132"}],"wp:attachment":[{"href":"https:\/\/wroclawfabryczna.pttk.pl\/index.php?rest_route=%2Fwp%2Fv2%2Fmedia&parent=1128"}],"wp:term":[{"taxonomy":"category","embeddable":true,"href":"https:\/\/wroclawfabryczna.pttk.pl\/index.php?rest_route=%2Fwp%2Fv2%2Fcategories&post=1128"},{"taxonomy":"post_tag","embeddable":true,"href":"https:\/\/wroclawfabryczna.pttk.pl\/index.php?rest_route=%2Fwp%2Fv2%2Ftags&post=1128"}],"curies":[{"name":"wp","href":"https:\/\/api.w.org\/{rel}","templated":true}]}}